{"id":1355,"date":"2018-03-12T11:35:35","date_gmt":"2018-03-12T10:35:35","guid":{"rendered":"http:\/\/prokernberge.de\/?p=1355"},"modified":"2018-03-14T11:56:27","modified_gmt":"2018-03-14T10:56:27","slug":"die-fortschreibung-des-flaechennutzungsplanes-jena-hat-begonnen","status":"publish","type":"post","link":"https:\/\/prokernberge.de\/?p=1355","title":{"rendered":"Die Fortschreibung des Fl\u00e4chennutzungsplanes Jena hat begonnen!"},"content":{"rendered":"<p><strong>Die gr\u00fcne Lunge des Kernbergviertels: Das Gartenland zwischen Hildebrand- und Treunertstra\u00dfe<\/strong><\/p>\n<p>Im Fr\u00fchjahr 2013 wollte die Stadt Jena einen Bebauungsplan f\u00fcr das Gartenland zwischen Hildebrandstra\u00dfe, Treunertstra\u00dfe, Saarbr\u00fccker Stra\u00dfe, Luise-Seidler-Stra\u00dfe und Neunkirchner Stra\u00dfe aufstellen. Umgehend gr\u00fcndete sich die B\u00fcrgerinitiative ProKernberge, mit dem Ziel, die drohenden massiven Eingriffe in Jenas gr\u00fcne Berge zu verhindern.<\/p>\n<p><a href=\"http:\/\/prokernberge.de\/wp-content\/uploads\/2018\/03\/amtliche-topografische-Karte.jpg\"><img loading=\"lazy\" class=\"alignleft size-medium wp-image-1369\" src=\"http:\/\/prokernberge.de\/wp-content\/uploads\/2018\/03\/amtliche-topografische-Karte-300x276.jpg\" alt=\"amtliche topografische Karte\" width=\"300\" height=\"276\" srcset=\"https:\/\/prokernberge.de\/wp-content\/uploads\/2018\/03\/amtliche-topografische-Karte-300x276.jpg 300w, https:\/\/prokernberge.de\/wp-content\/uploads\/2018\/03\/amtliche-topografische-Karte.jpg 797w\" sizes=\"(max-width: 300px) 100vw, 300px\" \/><\/a><\/p>\n<p><em>Amtliche topographische Karte des Landesamtes f\u00fcr Vermessung und Geoinformation des Freistaats Th\u00fcringen: 5035 Jena<br \/>\n<\/em><em><a href=\"http:\/\/geoportal.geoportal-th.de\/dtk25\/5035\/5035_col.tif\">http:\/\/geoportal.geoportal-th.de\/dtk25\/5035\/5035_col.tif<\/a>, <\/em><em>Ausschnitt<\/em><\/p>\n<p>&nbsp;<\/p>\n<p>&nbsp;<\/p>\n<p>&nbsp;<\/p>\n<p>Der Ausschnitt aus der amtlichen topographischen Karte zeigt den heutigen Zustand: Wie eine gr\u00fcne Lunge ragt das Gartenland in die bebauten Teile des Kernbergviertels hinein. Es sorgt f\u00fcr den im Sommer so bitter n\u00f6tigen Kaltluftzustrom f\u00fcr die Innenstadt von Jena, bietet zahlreichen Vogelarten, Flederm\u00e4usen, F\u00fcchsen und anderen wilden Tieren Heimat und dient den B\u00fcrgern als Erholungsgebiet, sei es als Garten, sei es als Gr\u00fcnfl\u00e4che.<\/p>\n<p><strong>Der Fl\u00e4chennutzungsplan f\u00fcr das Kernbergviertel: Planung f\u00fcr die Zukunft<\/strong><\/p>\n<p>Jedoch ist es f\u00fcr die Stadtplanung wichtig, eine perspektivische Zukunftsplanung zu machen: Wie sollen Fl\u00e4chen in Zukunft genutzt werden, um den sich wandelnden Bed\u00fcrfnissen einer wachsenden Stadt gerecht zu werden? Diese Zukunftsplanung wird in einem so genannten Fl\u00e4chennutzungsplan (FNP) dargestellt. Auf dem aktuell noch g\u00fcltigen FNP, Stand 2005, verabschiedet 2006, ist das derzeitige Gartenland rosa unterlegt, d. h. als Wohnbaugebiet vorgesehen.<\/p>\n<p><a href=\"http:\/\/prokernberge.de\/wp-content\/uploads\/2018\/03\/FNP.jpg\"><img loading=\"lazy\" class=\"alignleft size-medium wp-image-1360\" src=\"http:\/\/prokernberge.de\/wp-content\/uploads\/2018\/03\/FNP-300x267.jpg\" alt=\"FNP\" width=\"300\" height=\"267\" srcset=\"https:\/\/prokernberge.de\/wp-content\/uploads\/2018\/03\/FNP-300x267.jpg 300w, https:\/\/prokernberge.de\/wp-content\/uploads\/2018\/03\/FNP.jpg 803w\" sizes=\"(max-width: 300px) 100vw, 300px\" \/><\/a><\/p>\n<p>&nbsp;<\/p>\n<p><em>Fl\u00e4chennutzungsplan Jena, Ausschnitt, Stand 2005 (aktuell g\u00fcltig).\u00a0<\/em><em><a href=\"https:\/\/www.jena.de\/fm\/1727\/fnp-genehmigt-klein.pdf\">https:\/\/www.jena.de\/fm\/1727\/fnp-genehmigt-klein.pdf\u00a0<\/a><\/em><\/p>\n<p>&nbsp;<\/p>\n<p>&nbsp;<\/p>\n<p>&nbsp;<\/p>\n<p>In den letzten f\u00fcnf Jahren wurden in Jena verschiedene Planungskonzepte erarbeitet und vom Stadtrat beschlossen, u. a. die im Vorfeld intensiv diskutierten Papiere <em>Stadtteilentwicklungskonzept Ost<\/em> (STEK Ost) und andere Stadtteilentwicklungskonzepte, der <em>Landschaftsplan,<\/em> das <em>Integrierte Stadtentwicklungskonzept<\/em> (ISEK) und das Papier <em>Wohnen in Jena 2030<\/em>, bei denen die B\u00fcrgerinitiative ProKernberge und der Ortsteilrat Kernberge die Stimmen der B\u00fcrger und B\u00fcrgerinnen zugunsten des Erhalts des Gartenlandes und der Gr\u00fcnz\u00e4sur zwischen dem Kernbergviertel und Ziegenhain eingebracht haben. In diesen Prozessen wurde deutlich, dass der FNP einer \u00dcberarbeitung bedarf.<\/p>\n<p>Daher fasste der Stadtrat im November 2017 einen entsprechenden <a href=\"http:\/\/prokernberge.de\/wp-content\/uploads\/2018\/03\/FNP_BV_Stadtrat_171115.pdf\">Beschluss<\/a>, und am 21. Februar 2018 waren die Ortsteilb\u00fcrgermeister und \u2013r\u00e4te zur Auftaktveranstaltung ins Rathaus eingeladen und erhielten Informationen \u00fcber die einzelnen Schritte des Prozesses, der vom B\u00fcro Quaas-Stadtplaner aus Weimar gesteuert wird. Da zahlreiche Interessen aus B\u00fcrgerschaft und Wirtschaft miteinander abgeglichen werden m\u00fcssen, werden mindestens vier Jahre (bis 2022) f\u00fcr den Fortschreibungsprozess veranschlagt. Dabei sieht die Stadt Jena eine B\u00fcrgerbeteiligung vor, die \u00fcber das gesetzlich geforderte Ma\u00df hinausgeht.<\/p>\n<p><strong>Aufruf zur B\u00fcrgerbeteiligung<\/strong><\/p>\n<p>Dem erkl\u00e4rten Interesse der Mitglieder der B\u00fcrgerinitiative ProKernberge zufolge sollte die Zukunftsplanung der Stadt Jena es vorsehen, die gr\u00fcne Lunge des Kernbergviertels zu erhalten. Dann w\u00fcrde im <em>neuen <\/em>Fl\u00e4chennutzungsplan das derzeit vorgesehene rosa Wohngebiet in einen gr\u00fcn unterlegten Bereich in Fortsetzung der gr\u00fcnen H\u00e4nge der Kernberge umgewandelt.<\/p>\n<p><a href=\"http:\/\/prokernberge.de\/wp-content\/uploads\/2018\/03\/amtl.-topogr.-Karte.jpg\"><img loading=\"lazy\" class=\"alignleft size-medium wp-image-1359\" src=\"http:\/\/prokernberge.de\/wp-content\/uploads\/2018\/03\/amtl.-topogr.-Karte-300x277.jpg\" alt=\"amtl. topogr. Karte\" width=\"300\" height=\"277\" srcset=\"https:\/\/prokernberge.de\/wp-content\/uploads\/2018\/03\/amtl.-topogr.-Karte-300x277.jpg 300w, https:\/\/prokernberge.de\/wp-content\/uploads\/2018\/03\/amtl.-topogr.-Karte.jpg 742w\" sizes=\"(max-width: 300px) 100vw, 300px\" \/><\/a><\/p>\n<p>&nbsp;<\/p>\n<p><em>Die topographische Karte als m\u00f6gliches Modell f\u00fcr neuen FNP des Kernbergviertels<\/em><\/p>\n<p><em>Amtliche topographische Karte des Landesamtes f\u00fcr Vermessung und Geoinformation des Freistaats Th\u00fcringen: 5035 Jena<br \/>\n<a href=\"http:\/\/geoportal.geoportal-th.de\/dtk25\/5035\/5035_col.tif\">http:\/\/geoportal.geoportal-th.de\/dtk25\/5035\/5035_col.tif<\/a>; Ausschnitt<\/em><\/p>\n<p><em><br \/>\n<\/em>Nach Auskunft des Stadtentwicklungsdezernenten Denis Peisker ist es jedoch ganz im Gegenteil Ziel der Fortschreibung, neues potentielles Bauland auszuweisen.<\/p>\n<p>Daher ist es eminent wichtig, dass die B\u00fcrger und B\u00fcrgerinnen des Kernbergviertels den Prozess der Fortschreibung des FNP aufmerksam begleiten und ihre Interessen deutlich zu Geh\u00f6r bringen \u2013 nicht nur \u00fcber den Ortsteilrat, der zur Stellungnahme gebeten werden wird, sondern vor allem \u00fcber das vorgesehene direkte B\u00fcrgerbeteiligungsverfahren. Die B\u00fcrgerinitiative ProKernberge wird dazu informieren.<\/p>\n","protected":false},"excerpt":{"rendered":"<p>Die gr\u00fcne Lunge des Kernbergviertels: Das Gartenland zwischen Hildebrand- und Treunertstra\u00dfe Im Fr\u00fchjahr 2013 wollte die Stadt Jena einen Bebauungsplan f\u00fcr das Gartenland zwischen Hildebrandstra\u00dfe, Treunertstra\u00dfe, Saarbr\u00fccker Stra\u00dfe, Luise-Seidler-Stra\u00dfe und Neunkirchner Stra\u00dfe aufstellen. Umgehend gr\u00fcndete sich die B\u00fcrgerinitiative ProKernberge, mit &hellip; <a href=\"https:\/\/prokernberge.de\/?p=1355\">Weiterlesen <span class=\"meta-nav\">&rarr;<\/span><\/a><\/p>\n","protected":false},"author":2,"featured_media":0,"comment_status":"closed","ping_status":"closed","sticky":false,"template":"","format":"standard","meta":[],"categories":[1],"tags":[],"_links":{"self":[{"href":"https:\/\/prokernberge.de\/index.php?rest_route=\/wp\/v2\/posts\/1355"}],"collection":[{"href":"https:\/\/prokernberge.de\/index.php?rest_route=\/wp\/v2\/posts"}],"about":[{"href":"https:\/\/prokernberge.de\/index.php?rest_route=\/wp\/v2\/types\/post"}],"author":[{"embeddable":true,"href":"https:\/\/prokernberge.de\/index.php?rest_route=\/wp\/v2\/users\/2"}],"replies":[{"embeddable":true,"href":"https:\/\/prokernberge.de\/index.php?rest_route=%2Fwp%2Fv2%2Fcomments&post=1355"}],"version-history":[{"count":6,"href":"https:\/\/prokernberge.de\/index.php?rest_route=\/wp\/v2\/posts\/1355\/revisions"}],"predecessor-version":[{"id":1372,"href":"https:\/\/prokernberge.de\/index.php?rest_route=\/wp\/v2\/posts\/1355\/revisions\/1372"}],"wp:attachment":[{"href":"https:\/\/prokernberge.de\/index.php?rest_route=%2Fwp%2Fv2%2Fmedia&parent=1355"}],"wp:term":[{"taxonomy":"category","embeddable":true,"href":"https:\/\/prokernberge.de\/index.php?rest_route=%2Fwp%2Fv2%2Fcategories&post=1355"},{"taxonomy":"post_tag","embeddable":true,"href":"https:\/\/prokernberge.de\/index.php?rest_route=%2Fwp%2Fv2%2Ftags&post=1355"}],"curies":[{"name":"wp","href":"https:\/\/api.w.org\/{rel}","templated":true}]}}