{"id":1519,"date":"2019-10-28T17:25:11","date_gmt":"2019-10-28T16:25:11","guid":{"rendered":"https:\/\/prokernberge.de\/?p=1519"},"modified":"2020-10-02T08:31:34","modified_gmt":"2020-10-02T06:31:34","slug":"laufend-fuer-natur-statt-beton","status":"publish","type":"post","link":"https:\/\/prokernberge.de\/?p=1519","title":{"rendered":"Laufend f\u00fcr \u201eNatur statt Beton\u201c"},"content":{"rendered":"\n<p>Das Team ProKernberge war beim diesj\u00e4hrigen, 43. Kernberglauf am 19. Oktober 2019 wieder mit einem gro\u00dfen Team vertreten. <\/p>\n\n\n\n<div class=\"wp-block-image is-style-default\"><figure class=\"aligncenter is-resized\"><img loading=\"lazy\" src=\"https:\/\/prokernberge.de\/wp-content\/uploads\/2019\/10\/IMG_9006-1024x768.jpg\" alt=\"\" class=\"wp-image-1514\" width=\"512\" height=\"384\" srcset=\"https:\/\/prokernberge.de\/wp-content\/uploads\/2019\/10\/IMG_9006-1024x768.jpg 1024w, https:\/\/prokernberge.de\/wp-content\/uploads\/2019\/10\/IMG_9006-300x225.jpg 300w, https:\/\/prokernberge.de\/wp-content\/uploads\/2019\/10\/IMG_9006-768x576.jpg 768w\" sizes=\"(max-width: 512px) 100vw, 512px\" \/><figcaption>Mannschaft ProKernberge\n<\/figcaption><\/figure><\/div>\n\n\n\n<p>Nicht einmal der J\u00fcngste (11 Jahre) lie\u00df sich vom nieseligen Schmuddelwetter davon abhalten, mit seinem weitsichtbaren orangefarbenen Shirt das Motto der B\u00fcrgerinitative: \u201eNatur statt Beton\u201c laufend bekannt zu machen. In den drei Disziplinen 5&nbsp;km-Jedermannslauf, 15&nbsp;km-Lauf und 27&nbsp;km-Lauf erzielten die ProKernberge-L\u00e4ufer und -L\u00e4uferinnen zum Teil hervorragende Ergebnisse in ihren Altersklassen. <\/p>\n\n\n\n<p>In der Mannschaftswertung ist dem Team ProKernberge zu einem respektablen 9. Platz zu gratulieren!<\/p>\n","protected":false},"excerpt":{"rendered":"<p>Das Team ProKernberge war beim diesj\u00e4hrigen, 43. Kernberglauf am 19. Oktober 2019 wieder mit einem gro\u00dfen Team vertreten. Nicht einmal der J\u00fcngste (11 Jahre) lie\u00df sich vom nieseligen Schmuddelwetter davon abhalten, mit seinem weitsichtbaren orangefarbenen Shirt das Motto der B\u00fcrgerinitative: &hellip; <a href=\"https:\/\/prokernberge.de\/?p=1519\">Weiterlesen <span class=\"meta-nav\">&rarr;<\/span><\/a><\/p>\n","protected":false},"author":2,"featured_media":0,"comment_status":"closed","ping_status":"closed","sticky":false,"template":"","format":"standard","meta":[],"categories":[1],"tags":[],"_links":{"self":[{"href":"https:\/\/prokernberge.de\/index.php?rest_route=\/wp\/v2\/posts\/1519"}],"collection":[{"href":"https:\/\/prokernberge.de\/index.php?rest_route=\/wp\/v2\/posts"}],"about":[{"href":"https:\/\/prokernberge.de\/index.php?rest_route=\/wp\/v2\/types\/post"}],"author":[{"embeddable":true,"href":"https:\/\/prokernberge.de\/index.php?rest_route=\/wp\/v2\/users\/2"}],"replies":[{"embeddable":true,"href":"https:\/\/prokernberge.de\/index.php?rest_route=%2Fwp%2Fv2%2Fcomments&post=1519"}],"version-history":[{"count":5,"href":"https:\/\/prokernberge.de\/index.php?rest_route=\/wp\/v2\/posts\/1519\/revisions"}],"predecessor-version":[{"id":1532,"href":"https:\/\/prokernberge.de\/index.php?rest_route=\/wp\/v2\/posts\/1519\/revisions\/1532"}],"wp:attachment":[{"href":"https:\/\/prokernberge.de\/index.php?rest_route=%2Fwp%2Fv2%2Fmedia&parent=1519"}],"wp:term":[{"taxonomy":"category","embeddable":true,"href":"https:\/\/prokernberge.de\/index.php?rest_route=%2Fwp%2Fv2%2Fcategories&post=1519"},{"taxonomy":"post_tag","embeddable":true,"href":"https:\/\/prokernberge.de\/index.php?rest_route=%2Fwp%2Fv2%2Ftags&post=1519"}],"curies":[{"name":"wp","href":"https:\/\/api.w.org\/{rel}","templated":true}]}}