{"id":57,"date":"2013-04-05T15:57:25","date_gmt":"2013-04-05T15:57:25","guid":{"rendered":"http:\/\/prokernberge.de\/?p=57"},"modified":"2013-04-16T11:12:47","modified_gmt":"2013-04-16T11:12:47","slug":"grundung-der-burgerinitiative-prokernberge","status":"publish","type":"post","link":"https:\/\/prokernberge.de\/?p=57","title":{"rendered":"Gr\u00fcndung der B\u00fcrgerinitiative ProKernberge"},"content":{"rendered":"<p>Das Kernbergviertel und das angrenzende Heimst\u00e4ttenviertel beziehen ihren einzigartigen Charakter aus der gewachsenen Mischung aus Ein- und Mehrfamilienh\u00e4usern in Verbindung mit unbebauten Fl\u00e4chen und Wegen. Insbesondere die in der Vergangenheit mit Bedacht betriebene Neubebauung nutzbarer Fl\u00e4chen, i. d. R.\u00a0 das Schlie\u00dfen von Baul\u00fccken, hat bis heute die liebenswerte und ruhige Identit\u00e4t des Viertels erhalten.<\/p>\n<p><a href=\"http:\/\/prokernberge.de\/?attachment_id=58\" rel=\"attachment wp-att-58\"><img loading=\"lazy\" class=\"alignnone size-medium wp-image-58\" alt=\"IMG_2098 2\" src=\"http:\/\/prokernberge.de\/wp-content\/uploads\/2013\/04\/IMG_2098-2-300x225.jpg\" width=\"300\" height=\"225\" srcset=\"https:\/\/prokernberge.de\/wp-content\/uploads\/2013\/04\/IMG_2098-2-300x225.jpg 300w, https:\/\/prokernberge.de\/wp-content\/uploads\/2013\/04\/IMG_2098-2-1024x768.jpg 1024w\" sizes=\"(max-width: 300px) 100vw, 300px\" \/><\/a>\u00a0 \u00a0 \u00a0 \u00a0<a href=\"http:\/\/prokernberge.de\/?attachment_id=75\" rel=\"attachment wp-att-75\"><img loading=\"lazy\" class=\"alignnone size-medium wp-image-75\" alt=\"IMG_2102\" src=\"http:\/\/prokernberge.de\/wp-content\/uploads\/2013\/04\/IMG_2102-300x225.jpg\" width=\"300\" height=\"225\" srcset=\"https:\/\/prokernberge.de\/wp-content\/uploads\/2013\/04\/IMG_2102-300x225.jpg 300w, https:\/\/prokernberge.de\/wp-content\/uploads\/2013\/04\/IMG_2102-1024x768.jpg 1024w\" sizes=\"(max-width: 300px) 100vw, 300px\" \/><\/a><\/p>\n<p><!--more-->Die Stadtverwaltung Jena Fachbereich Stadtentwicklung und Stadtplanung hat nun im Stadtentwicklungsausschuss einen Aufstellungsbeschluss f\u00fcr einen Bebauungsplan des Gebietes Hildebrand-,\u00a0<span style=\"line-height: 24px;\">Treunert- s<\/span>owie der angrenzenden Saarbr\u00fccker-, Luise-Seidler- und Neunkirchner Stra\u00dfe als Beschlussvorlage eingereicht.<\/p>\n<p><a href=\"http:\/\/prokernberge.de\/?attachment_id=76\" rel=\"attachment wp-att-76\"><img loading=\"lazy\" class=\"size-medium wp-image-76 alignnone\" title=\"betroffenes Gebiet\" alt=\"Anlage B-Plan WJ-14\" src=\"http:\/\/prokernberge.de\/wp-content\/uploads\/2013\/04\/Anlage-B-Plan-WJ-14-300x214.jpg\" width=\"300\" height=\"214\" srcset=\"https:\/\/prokernberge.de\/wp-content\/uploads\/2013\/04\/Anlage-B-Plan-WJ-14-300x214.jpg 300w, https:\/\/prokernberge.de\/wp-content\/uploads\/2013\/04\/Anlage-B-Plan-WJ-14-1024x730.jpg 1024w, https:\/\/prokernberge.de\/wp-content\/uploads\/2013\/04\/Anlage-B-Plan-WJ-14.jpg 1200w\" sizes=\"(max-width: 300px) 100vw, 300px\" \/><\/a>\u00a0 \u00a0Quelle: <em>Stadtverwaltung Jena<\/em><\/p>\n<p>Sowohl im Ortsteilrat Kernberge als auch im Stadtentwicklungsausschuss wurde \u00a0aufgrund zahlreicher Einw\u00e4nde betroffener Anwohner und engagierter B\u00fcrger Jenas bislang dem o.g. Aufstellungsbeschluss keine Zustimmung\u00a0erteilt. Angesichts vieler offener Fragen und Gegenargumente, die bisher ungeh\u00f6rt blieben, haben sich die daran beteiligten B\u00fcrger zur Gr\u00fcndung der B\u00fcrgerinitiative <strong>ProKernberge<\/strong> entschlossen. Sie soll zuk\u00fcnftig eine b\u00fcrgerorientierte Gemeinschaft zur Vertretung der Interessen aller Betroffenen des Kernbergviertels im Rahmen der st\u00e4dtebaulichen Planungen sein. Die offizielle Gr\u00fcndungsveranstaltung der B\u00fcrgerinitiative bietet allen B\u00fcrgern die M\u00f6glichkeit, sich umfassend \u00fcber den aktuellen Sach- und Planungsstand sowie die \u00a0m\u00f6glichen Folgen zu informieren. Dar\u00fcber hinaus werden die zuk\u00fcnftigen Ziele der BI <strong>ProKernberge<\/strong> vorgestellt. Hierzu laden wir am <strong>08.04.2013 um 19:00 Uhr<\/strong> in die Talschule Jena ein.<\/p>\n<p><a href=\"http:\/\/prokernberge.de\/wp-content\/uploads\/2013\/03\/Flyer-Gr\u00fcndung.jpg\"><img loading=\"lazy\" class=\"alignnone size-medium wp-image-30\" alt=\"Gr\u00fcndung BI ProKernberge\" src=\"http:\/\/prokernberge.de\/wp-content\/uploads\/2013\/03\/Flyer-Gr\u00fcndung-206x300.jpg\" width=\"206\" height=\"300\" srcset=\"https:\/\/prokernberge.de\/wp-content\/uploads\/2013\/03\/Flyer-Gr\u00fcndung-206x300.jpg 206w, https:\/\/prokernberge.de\/wp-content\/uploads\/2013\/03\/Flyer-Gr\u00fcndung-703x1024.jpg 703w, https:\/\/prokernberge.de\/wp-content\/uploads\/2013\/03\/Flyer-Gr\u00fcndung.jpg 710w\" sizes=\"(max-width: 206px) 100vw, 206px\" \/><\/a><\/p>\n","protected":false},"excerpt":{"rendered":"<p>Das Kernbergviertel und das angrenzende Heimst\u00e4ttenviertel beziehen ihren einzigartigen Charakter aus der gewachsenen Mischung aus Ein- und Mehrfamilienh\u00e4usern in Verbindung mit unbebauten Fl\u00e4chen und Wegen. Insbesondere die in der Vergangenheit mit Bedacht betriebene Neubebauung nutzbarer Fl\u00e4chen, i. d. R.\u00a0 das &hellip; <a href=\"https:\/\/prokernberge.de\/?p=57\">Weiterlesen <span class=\"meta-nav\">&rarr;<\/span><\/a><\/p>\n","protected":false},"author":2,"featured_media":30,"comment_status":"closed","ping_status":"closed","sticky":false,"template":"","format":"standard","meta":[],"categories":[1],"tags":[9,8,10],"_links":{"self":[{"href":"https:\/\/prokernberge.de\/index.php?rest_route=\/wp\/v2\/posts\/57"}],"collection":[{"href":"https:\/\/prokernberge.de\/index.php?rest_route=\/wp\/v2\/posts"}],"about":[{"href":"https:\/\/prokernberge.de\/index.php?rest_route=\/wp\/v2\/types\/post"}],"author":[{"embeddable":true,"href":"https:\/\/prokernberge.de\/index.php?rest_route=\/wp\/v2\/users\/2"}],"replies":[{"embeddable":true,"href":"https:\/\/prokernberge.de\/index.php?rest_route=%2Fwp%2Fv2%2Fcomments&post=57"}],"version-history":[{"count":61,"href":"https:\/\/prokernberge.de\/index.php?rest_route=\/wp\/v2\/posts\/57\/revisions"}],"predecessor-version":[{"id":144,"href":"https:\/\/prokernberge.de\/index.php?rest_route=\/wp\/v2\/posts\/57\/revisions\/144"}],"wp:featuredmedia":[{"embeddable":true,"href":"https:\/\/prokernberge.de\/index.php?rest_route=\/wp\/v2\/media\/30"}],"wp:attachment":[{"href":"https:\/\/prokernberge.de\/index.php?rest_route=%2Fwp%2Fv2%2Fmedia&parent=57"}],"wp:term":[{"taxonomy":"category","embeddable":true,"href":"https:\/\/prokernberge.de\/index.php?rest_route=%2Fwp%2Fv2%2Fcategories&post=57"},{"taxonomy":"post_tag","embeddable":true,"href":"https:\/\/prokernberge.de\/index.php?rest_route=%2Fwp%2Fv2%2Ftags&post=57"}],"curies":[{"name":"wp","href":"https:\/\/api.w.org\/{rel}","templated":true}]}}